{"id":35515,"date":"2024-03-26T14:48:44","date_gmt":"2024-03-26T13:48:44","guid":{"rendered":"https:\/\/sandp.ch\/perspectives-du-marche-pour-le-deuxieme-trimestre-2024\/"},"modified":"2024-07-17T11:10:11","modified_gmt":"2024-07-17T09:10:11","slug":"market-outlook-for-q2-2024","status":"publish","type":"post","link":"https:\/\/www.sandp.ch\/fr\/market-outlook-for-q2-2024\/","title":{"rendered":"Perspectives du march\u00e9 pour le deuxi\u00e8me trimestre 2024"},"content":{"rendered":"\t\t<div data-elementor-type=\"wp-post\" data-elementor-id=\"35515\" class=\"elementor elementor-35515 elementor-34513\" data-elementor-post-type=\"post\">\n\t\t\t\t\t\t<section data-dce-background-image-url=\"https:\/\/www.sandp.ch\/wp-content\/uploads\/2023\/12\/shutterstock_687281674.jpg\" class=\"elementor-section elementor-top-section elementor-element elementor-element-de4b65d elementor-section-height-min-height elementor-section-items-stretch elementor-section-boxed elementor-section-height-default\" data-id=\"de4b65d\" data-element_type=\"section\" data-settings=\"{&quot;background_background&quot;:&quot;classic&quot;,&quot;_ha_eqh_enable&quot;:false}\">\n\t\t\t\t\t\t\t<div class=\"elementor-background-overlay\"><\/div>\n\t\t\t\t\t\t\t<div class=\"elementor-container elementor-column-gap-default\">\n\t\t\t\t\t<div class=\"elementor-column elementor-col-100 elementor-top-column elementor-element elementor-element-de9197a\" data-id=\"de9197a\" data-element_type=\"column\">\n\t\t\t<div class=\"elementor-widget-wrap elementor-element-populated\">\n\t\t\t\t\t\t<div class=\"elementor-element elementor-element-0883561 elementor-widget elementor-widget-heading\" data-id=\"0883561\" data-element_type=\"widget\" data-widget_type=\"heading.default\">\n\t\t\t\t<div class=\"elementor-widget-container\">\n\t\t\t<h2 class=\"elementor-heading-title elementor-size-default\">Perspectives du march\u00e9<span style=\"font-weight: 600;\"> pour le T2 2024<\/span>\n<\/h2>\t\t<\/div>\n\t\t\t\t<\/div>\n\t\t\t\t\t<\/div>\n\t\t<\/div>\n\t\t\t\t\t<\/div>\n\t\t<\/section>\n\t\t\t\t<section class=\"elementor-section elementor-top-section elementor-element elementor-element-d42d59c elementor-section-boxed elementor-section-height-default elementor-section-height-default\" data-id=\"d42d59c\" data-element_type=\"section\" data-settings=\"{&quot;_ha_eqh_enable&quot;:false}\">\n\t\t\t\t\t\t<div class=\"elementor-container elementor-column-gap-default\">\n\t\t\t\t\t<div class=\"elementor-column elementor-col-100 elementor-top-column elementor-element elementor-element-28a5f58\" data-id=\"28a5f58\" data-element_type=\"column\">\n\t\t\t<div class=\"elementor-widget-wrap elementor-element-populated\">\n\t\t\t\t\t\t<div class=\"elementor-element elementor-element-9f0f22c elementor-widget elementor-widget-heading\" data-id=\"9f0f22c\" data-element_type=\"widget\" data-widget_type=\"heading.default\">\n\t\t\t\t<div class=\"elementor-widget-container\">\n\t\t\t<h2 class=\"elementor-heading-title elementor-size-default\"><span style=\"font-weight: 600;\">Perspectives du march\u00e9<span style=\"font-weight: 600;\"> <\/span><\/span> pour le T2 2024<\/h2>\t\t<\/div>\n\t\t\t\t<\/div>\n\t\t\t\t<div class=\"elementor-element elementor-element-ed9400b elementor-widget elementor-widget-text-editor\" data-id=\"ed9400b\" data-element_type=\"widget\" data-widget_type=\"text-editor.default\">\n\t\t\t\t<div class=\"elementor-widget-container\">\n\t\t\t\t\t\t\t<p>Dans un environnement marqu\u00e9 par la r\u00e9silience \u00e9conomique, en particulier dans le secteur de l&#8217;emploi, il existe un subtil courant d&#8217;optimisme. Cette r\u00e9silience pourrait non seulement \u00e9loigner le spectre de la r\u00e9cession, mais aussi ouvrir la voie \u00e0 des ajustements strat\u00e9giques des taux d&#8217;int\u00e9r\u00eat, ce qui pourrait revigorer les actifs \u00e0 risque. Le discours s&#8217;\u00e9tend aux actions, pr\u00e9conisant une surpond\u00e9ration judicieuse, en mettant particuli\u00e8rement en avant la zone euro pour son potentiel de rebond dans un contexte d&#8217;attentes temp\u00e9r\u00e9es.\u00a0<\/p>\t\t\t\t\t\t<\/div>\n\t\t\t\t<\/div>\n\t\t\t\t<div class=\"elementor-element elementor-element-2fcc66b elementor-widget elementor-widget-text-editor\" data-id=\"2fcc66b\" data-element_type=\"widget\" data-widget_type=\"text-editor.default\">\n\t\t\t\t<div class=\"elementor-widget-container\">\n\t\t\t\t\t\t\t<p>Cette approche est juxtapos\u00e9e \u00e0 un retrait prudent des mati\u00e8res premi\u00e8res, refl\u00e9tant des consid\u00e9rations de mod\u00e9ration de la croissance mondiale et de mod\u00e9ration de l&#8217;inflation. Pour enrichir encore ces perspectives \u00e9conomiques, les avanc\u00e9es technologiques et les initiatives en mati\u00e8re de d\u00e9veloppement durable apparaissent comme des moteurs essentiels de la transformation du march\u00e9, sugg\u00e9rant une r\u00e9affectation strat\u00e9gique vers des secteurs propices \u00e0 l&#8217;innovation et \u00e0 la gestion de l&#8217;environnement. Ces tendances soulignent l&#8217;importance de l&#8217;agilit\u00e9 dans les strat\u00e9gies d&#8217;investissement, pr\u00e9conisant une approche adaptative qui ne cherche pas seulement \u00e0 exploiter les dynamiques de march\u00e9 \u00e0 court terme, mais qui s&#8217;aligne \u00e9galement sur les changements soci\u00e9taux \u00e0 long terme. L&#8217;allocation strat\u00e9gique aux actions est soulign\u00e9e par une pr\u00e9f\u00e9rence pour la diversit\u00e9 g\u00e9ographique, avec une perspective haussi\u00e8re sur les march\u00e9s suisse et am\u00e9ricain, contrebalanc\u00e9e par une position mesur\u00e9e sur les actions \u00e9mergentes et japonaises. Le domaine des titres \u00e0 revenu fixe sugg\u00e8re un penchant nuanc\u00e9 pour les obligations d&#8217;\u00c9tat et les obligations des march\u00e9s \u00e9mergents, pr\u00e9conisant la vigilance sur les march\u00e9s du cr\u00e9dit \u00e0 haut rendement et de qualit\u00e9.<\/p><p>Cette mosa\u00efque complexe de perspectives de march\u00e9 incarne notre philosophie : un m\u00e9lange d&#8217;identification de la valeur, de compr\u00e9hension du risque et de concentration in\u00e9branlable sur la croissance du capital \u00e0 long terme, tout en naviguant dans le r\u00e9seau complexe des indicateurs \u00e9conomiques et des changements g\u00e9opolitiques.<\/p>\t\t\t\t\t\t<\/div>\n\t\t\t\t<\/div>\n\t\t\t\t<div data-dce-advanced-background-image-url=\"https:\/\/www.sandp.ch\/wp-content\/uploads\/2024\/03\/shutterstock_1971833849-scaled.jpg\" class=\"elementor-element elementor-element-c587300 elementor-widget elementor-widget-spacer\" data-id=\"c587300\" data-element_type=\"widget\" data-widget_type=\"spacer.default\">\n\t\t\t\t<div class=\"elementor-widget-container\">\n\t\t\t\t\t<div class=\"elementor-spacer\">\n\t\t\t<div class=\"elementor-spacer-inner\"><\/div>\n\t\t<\/div>\n\t\t\t\t<\/div>\n\t\t\t\t<\/div>\n\t\t\t\t<div class=\"elementor-element elementor-element-4a85674 elementor-widget elementor-widget-text-editor\" data-id=\"4a85674\" data-element_type=\"widget\" data-widget_type=\"text-editor.default\">\n\t\t\t\t<div class=\"elementor-widget-container\">\n\t\t\t\t\t\t\t<p>Ce texte est un mat\u00e9riel de marketing publi\u00e9 par Schmid &amp; Partenaires Management Services SA. Il n\u2019est pas destin\u00e9 \u00e0 la distribution, \u00e0 la publication, \u00e0 la fourniture ou \u00e0 l\u2019utilisation par des personnes physiques ou morales qui sont citoyens d\u2019un \u00c9tat, d\u2019un pays ou d\u2019une juridiction o\u00f9 sa distribution, la publication, la fourniture ou l\u2019utilisation est interdite par la loi. Elle ne vise aucune personne ou entit\u00e9 \u00e0 qui il serait ill\u00e9gal d\u2019envoyer de tels documents de marketing.<\/p><p>Ce texte est \u00e0 titre informatif seulement et ne doit pas \u00eatre interpr\u00e9t\u00e9 comme une offre, une sollicitation ou une recommandation pour la souscription, l\u2019achat, la vente ou la garde de toute valeur ou instrument financier, l\u2019engagement dans toute autre transaction, la prestation de tout conseil ou service d\u2019investissement, ou comme document contractuel. Il ne constitue pas un conseil en placement, juridique, fiscal ou comptable, ni une d\u00e9claration selon laquelle un placement ou une strat\u00e9gie convient ou convient \u00e0 la situation d\u2019une personne, ni ne constitue un conseil personnalis\u00e9 en placement pour un investisseur.<\/p><p>Ce texte refl\u00e8te les informations, les opinions et les commentaires de Schmid &amp; Partenaires Management Services SA, qui peuvent \u00eatre modifi\u00e9s sans pr\u00e9avis.<\/p>\t\t\t\t\t\t<\/div>\n\t\t\t\t<\/div>\n\t\t\t\t\t<\/div>\n\t\t<\/div>\n\t\t\t\t\t<\/div>\n\t\t<\/section>\n\t\t\t\t<section data-dce-background-color=\"#112457\" data-dce-background-image-url=\"https:\/\/www.sandp.ch\/wp-content\/uploads\/2022\/06\/6.jpg\" data-dce-background-overlay-image-url=\"https:\/\/www.sandp.ch\/wp-content\/uploads\/2022\/06\/3-1-1.png\" class=\"elementor-section elementor-top-section elementor-element elementor-element-80aec1b elementor-section-boxed elementor-section-height-default elementor-section-height-default\" data-id=\"80aec1b\" data-element_type=\"section\" data-settings=\"{&quot;background_background&quot;:&quot;classic&quot;,&quot;_ha_eqh_enable&quot;:false}\">\n\t\t\t\t\t\t\t<div class=\"elementor-background-overlay\"><\/div>\n\t\t\t\t\t\t\t<div class=\"elementor-container elementor-column-gap-default\">\n\t\t\t\t\t<div class=\"elementor-column elementor-col-100 elementor-top-column elementor-element elementor-element-5a7b619\" data-id=\"5a7b619\" data-element_type=\"column\">\n\t\t\t<div class=\"elementor-widget-wrap elementor-element-populated\">\n\t\t\t\t\t\t<div class=\"elementor-element elementor-element-7094cf5 elementor-widget elementor-widget-heading\" data-id=\"7094cf5\" data-element_type=\"widget\" data-widget_type=\"heading.default\">\n\t\t\t\t<div class=\"elementor-widget-container\">\n\t\t\t<h2 class=\"elementor-heading-title elementor-size-default\">Contactez-<span style=\"font-weight: 600;\">nous<\/span><\/h2>\t\t<\/div>\n\t\t\t\t<\/div>\n\t\t\t\t<div class=\"elementor-element elementor-element-2044d01 elementor-widget elementor-widget-text-editor\" data-id=\"2044d01\" data-element_type=\"widget\" data-widget_type=\"text-editor.default\">\n\t\t\t\t<div class=\"elementor-widget-container\">\n\t\t\t\t\t\t\tPour plus d&#8217;informations, n&#8217;h\u00e9sitez pas \u00e0 nous contacter. \t\t\t\t\t\t<\/div>\n\t\t\t\t<\/div>\n\t\t\t\t<div data-dce-background-color=\"#11245700\" class=\"elementor-element elementor-element-20fe0ce elementor-widget elementor-widget-button\" data-id=\"20fe0ce\" data-element_type=\"widget\" data-widget_type=\"button.default\">\n\t\t\t\t<div class=\"elementor-widget-container\">\n\t\t\t\t\t<div class=\"elementor-button-wrapper\">\n\t\t\t<a class=\"elementor-button elementor-button-link elementor-size-sm\" href=\"https:\/\/www.sandp.ch\/fr\/contact\/\">\n\t\t\t\t\t\t<span class=\"elementor-button-content-wrapper\">\n\t\t\t\t\t\t\t\t\t<span class=\"elementor-button-text\"><div class=\"word1\">PRENDRE<\/div><b><div class=\"word2\"> CONTACT<\/div><\/span>\n\t\t\t\t\t<\/span>\n\t\t\t\t\t<\/a>\n\t\t<\/div>\n\t\t\t\t<\/div>\n\t\t\t\t<\/div>\n\t\t\t\t\t<\/div>\n\t\t<\/div>\n\t\t\t\t\t<\/div>\n\t\t<\/section>\n\t\t\t\t<\/div>\n\t\t","protected":false},"excerpt":{"rendered":"<p>Perspectives du march\u00e9 pour le T2 2024 Perspectives du march\u00e9 pour le T2 2024 Dans un environnement marqu\u00e9 par la r\u00e9silience \u00e9conomique, en particulier dans le secteur de l&#8217;emploi, il existe un subtil courant d&#8217;optimisme. Cette r\u00e9silience pourrait non seulement \u00e9loigner le spectre de la r\u00e9cession, mais aussi ouvrir la voie \u00e0 des ajustements strat\u00e9giques [&hellip;]<\/p>\n","protected":false},"author":2,"featured_media":0,"comment_status":"open","ping_status":"open","sticky":false,"template":"elementor_header_footer","format":"standard","meta":{"footnotes":""},"categories":[1],"tags":[],"class_list":["post-35515","post","type-post","status-publish","format-standard","hentry","category-uncategorized"],"yoast_head":"<!-- This site is optimized with the Yoast SEO plugin v23.1 - https:\/\/yoast.com\/wordpress\/plugins\/seo\/ -->\n<title>Perspectives du march\u00e9 pour le deuxi\u00e8me trimestre 2024 - Schmid &amp; Partners Management Services Ltd.<\/title>\n<meta name=\"robots\" content=\"index, follow, max-snippet:-1, max-image-preview:large, max-video-preview:-1\" \/>\n<link rel=\"canonical\" href=\"https:\/\/www.sandp.ch\/fr\/market-outlook-for-q2-2024\/\" \/>\n<meta property=\"og:locale\" content=\"fr_FR\" \/>\n<meta property=\"og:type\" content=\"article\" \/>\n<meta property=\"og:title\" content=\"Perspectives du march\u00e9 pour le deuxi\u00e8me trimestre 2024 - Schmid &amp; Partners Management Services Ltd.\" \/>\n<meta property=\"og:description\" content=\"Perspectives du march\u00e9 pour le T2 2024 Perspectives du march\u00e9 pour le T2 2024 Dans un environnement marqu\u00e9 par la r\u00e9silience \u00e9conomique, en particulier dans le secteur de l&#8217;emploi, il existe un subtil courant d&#8217;optimisme. Cette r\u00e9silience pourrait non seulement \u00e9loigner le spectre de la r\u00e9cession, mais aussi ouvrir la voie \u00e0 des ajustements strat\u00e9giques [&hellip;]\" \/>\n<meta property=\"og:url\" content=\"https:\/\/www.sandp.ch\/fr\/market-outlook-for-q2-2024\/\" \/>\n<meta property=\"og:site_name\" content=\"Schmid &amp; Partners Management Services Ltd.\" \/>\n<meta property=\"article:published_time\" content=\"2024-03-26T13:48:44+00:00\" \/>\n<meta property=\"article:modified_time\" content=\"2024-07-17T09:10:11+00:00\" \/>\n<meta property=\"og:image\" content=\"https:\/\/www.sandp.ch\/wp-content\/uploads\/2022\/07\/Logo-1024x1024-1.jpg\" \/>\n\t<meta property=\"og:image:width\" content=\"1024\" \/>\n\t<meta property=\"og:image:height\" content=\"1024\" \/>\n\t<meta property=\"og:image:type\" content=\"image\/jpeg\" \/>\n<meta name=\"author\" content=\"MByc3FyPKGyxy94E\" \/>\n<meta name=\"twitter:card\" content=\"summary_large_image\" \/>\n<meta name=\"twitter:label1\" content=\"\u00c9crit par\" \/>\n\t<meta name=\"twitter:data1\" content=\"MByc3FyPKGyxy94E\" \/>\n\t<meta name=\"twitter:label2\" content=\"Dur\u00e9e de lecture estim\u00e9e\" \/>\n\t<meta name=\"twitter:data2\" content=\"3 minutes\" \/>\n<script type=\"application\/ld+json\" class=\"yoast-schema-graph\">{\"@context\":\"https:\/\/schema.org\",\"@graph\":[{\"@type\":\"Article\",\"@id\":\"https:\/\/www.sandp.ch\/fr\/market-outlook-for-q2-2024\/#article\",\"isPartOf\":{\"@id\":\"https:\/\/www.sandp.ch\/fr\/market-outlook-for-q2-2024\/\"},\"author\":{\"name\":\"MByc3FyPKGyxy94E\",\"@id\":\"https:\/\/www.sandp.ch\/#\/schema\/person\/f3d990bc4f7bc602523285b21863ec00\"},\"headline\":\"Perspectives du march\u00e9 pour le deuxi\u00e8me trimestre 2024\",\"datePublished\":\"2024-03-26T13:48:44+00:00\",\"dateModified\":\"2024-07-17T09:10:11+00:00\",\"mainEntityOfPage\":{\"@id\":\"https:\/\/www.sandp.ch\/fr\/market-outlook-for-q2-2024\/\"},\"wordCount\":594,\"commentCount\":0,\"publisher\":{\"@id\":\"https:\/\/www.sandp.ch\/#organization\"},\"articleSection\":[\"Uncategorized\"],\"inLanguage\":\"fr-FR\",\"potentialAction\":[{\"@type\":\"CommentAction\",\"name\":\"Comment\",\"target\":[\"https:\/\/www.sandp.ch\/fr\/market-outlook-for-q2-2024\/#respond\"]}]},{\"@type\":\"WebPage\",\"@id\":\"https:\/\/www.sandp.ch\/fr\/market-outlook-for-q2-2024\/\",\"url\":\"https:\/\/www.sandp.ch\/fr\/market-outlook-for-q2-2024\/\",\"name\":\"Perspectives du march\u00e9 pour le deuxi\u00e8me trimestre 2024 - Schmid &amp; Partners Management Services Ltd.\",\"isPartOf\":{\"@id\":\"https:\/\/www.sandp.ch\/#website\"},\"datePublished\":\"2024-03-26T13:48:44+00:00\",\"dateModified\":\"2024-07-17T09:10:11+00:00\",\"breadcrumb\":{\"@id\":\"https:\/\/www.sandp.ch\/fr\/market-outlook-for-q2-2024\/#breadcrumb\"},\"inLanguage\":\"fr-FR\",\"potentialAction\":[{\"@type\":\"ReadAction\",\"target\":[\"https:\/\/www.sandp.ch\/fr\/market-outlook-for-q2-2024\/\"]}]},{\"@type\":\"BreadcrumbList\",\"@id\":\"https:\/\/www.sandp.ch\/fr\/market-outlook-for-q2-2024\/#breadcrumb\",\"itemListElement\":[{\"@type\":\"ListItem\",\"position\":1,\"name\":\"Home\",\"item\":\"https:\/\/www.sandp.ch\/fr\/\"},{\"@type\":\"ListItem\",\"position\":2,\"name\":\"Perspectives du march\u00e9 pour le deuxi\u00e8me trimestre 2024\"}]},{\"@type\":\"WebSite\",\"@id\":\"https:\/\/www.sandp.ch\/#website\",\"url\":\"https:\/\/www.sandp.ch\/\",\"name\":\"Schmid &amp; Partners Management Services Ltd.\",\"description\":\"\",\"publisher\":{\"@id\":\"https:\/\/www.sandp.ch\/#organization\"},\"inLanguage\":\"fr-FR\"},{\"@type\":\"Organization\",\"@id\":\"https:\/\/www.sandp.ch\/#organization\",\"name\":\"Schmid & Partner\",\"url\":\"https:\/\/www.sandp.ch\/\",\"logo\":{\"@type\":\"ImageObject\",\"inLanguage\":\"fr-FR\",\"@id\":\"https:\/\/www.sandp.ch\/#\/schema\/logo\/image\/\",\"url\":\"https:\/\/sandp.ch\/wp-content\/uploads\/2022\/06\/cropped-Siteicon-1.png\",\"contentUrl\":\"https:\/\/sandp.ch\/wp-content\/uploads\/2022\/06\/cropped-Siteicon-1.png\",\"width\":512,\"height\":512,\"caption\":\"Schmid & Partner\"},\"image\":{\"@id\":\"https:\/\/www.sandp.ch\/#\/schema\/logo\/image\/\"}},{\"@type\":\"Person\",\"@id\":\"https:\/\/www.sandp.ch\/#\/schema\/person\/f3d990bc4f7bc602523285b21863ec00\",\"name\":\"MByc3FyPKGyxy94E\",\"image\":{\"@type\":\"ImageObject\",\"inLanguage\":\"fr-FR\",\"@id\":\"https:\/\/www.sandp.ch\/#\/schema\/person\/image\/\",\"url\":\"https:\/\/secure.gravatar.com\/avatar\/637a3accdc4c9a5b47e8e0510d930d8d?s=96&d=mm&r=g\",\"contentUrl\":\"https:\/\/secure.gravatar.com\/avatar\/637a3accdc4c9a5b47e8e0510d930d8d?s=96&d=mm&r=g\",\"caption\":\"MByc3FyPKGyxy94E\"},\"url\":\"https:\/\/www.sandp.ch\/fr\/author\/mbyc3fypkgyxy94e\/\"}]}<\/script>\n<!-- \/ Yoast SEO plugin. -->","yoast_head_json":{"title":"Perspectives du march\u00e9 pour le deuxi\u00e8me trimestre 2024 - Schmid &amp; Partners Management Services Ltd.","robots":{"index":"index","follow":"follow","max-snippet":"max-snippet:-1","max-image-preview":"max-image-preview:large","max-video-preview":"max-video-preview:-1"},"canonical":"https:\/\/www.sandp.ch\/fr\/market-outlook-for-q2-2024\/","og_locale":"fr_FR","og_type":"article","og_title":"Perspectives du march\u00e9 pour le deuxi\u00e8me trimestre 2024 - Schmid &amp; Partners Management Services Ltd.","og_description":"Perspectives du march\u00e9 pour le T2 2024 Perspectives du march\u00e9 pour le T2 2024 Dans un environnement marqu\u00e9 par la r\u00e9silience \u00e9conomique, en particulier dans le secteur de l&#8217;emploi, il existe un subtil courant d&#8217;optimisme. Cette r\u00e9silience pourrait non seulement \u00e9loigner le spectre de la r\u00e9cession, mais aussi ouvrir la voie \u00e0 des ajustements strat\u00e9giques [&hellip;]","og_url":"https:\/\/www.sandp.ch\/fr\/market-outlook-for-q2-2024\/","og_site_name":"Schmid &amp; Partners Management Services Ltd.","article_published_time":"2024-03-26T13:48:44+00:00","article_modified_time":"2024-07-17T09:10:11+00:00","og_image":[{"width":1024,"height":1024,"url":"https:\/\/www.sandp.ch\/wp-content\/uploads\/2022\/07\/Logo-1024x1024-1.jpg","type":"image\/jpeg"}],"author":"MByc3FyPKGyxy94E","twitter_card":"summary_large_image","twitter_misc":{"\u00c9crit par":"MByc3FyPKGyxy94E","Dur\u00e9e de lecture estim\u00e9e":"3 minutes"},"schema":{"@context":"https:\/\/schema.org","@graph":[{"@type":"Article","@id":"https:\/\/www.sandp.ch\/fr\/market-outlook-for-q2-2024\/#article","isPartOf":{"@id":"https:\/\/www.sandp.ch\/fr\/market-outlook-for-q2-2024\/"},"author":{"name":"MByc3FyPKGyxy94E","@id":"https:\/\/www.sandp.ch\/#\/schema\/person\/f3d990bc4f7bc602523285b21863ec00"},"headline":"Perspectives du march\u00e9 pour le deuxi\u00e8me trimestre 2024","datePublished":"2024-03-26T13:48:44+00:00","dateModified":"2024-07-17T09:10:11+00:00","mainEntityOfPage":{"@id":"https:\/\/www.sandp.ch\/fr\/market-outlook-for-q2-2024\/"},"wordCount":594,"commentCount":0,"publisher":{"@id":"https:\/\/www.sandp.ch\/#organization"},"articleSection":["Uncategorized"],"inLanguage":"fr-FR","potentialAction":[{"@type":"CommentAction","name":"Comment","target":["https:\/\/www.sandp.ch\/fr\/market-outlook-for-q2-2024\/#respond"]}]},{"@type":"WebPage","@id":"https:\/\/www.sandp.ch\/fr\/market-outlook-for-q2-2024\/","url":"https:\/\/www.sandp.ch\/fr\/market-outlook-for-q2-2024\/","name":"Perspectives du march\u00e9 pour le deuxi\u00e8me trimestre 2024 - Schmid &amp; Partners Management Services Ltd.","isPartOf":{"@id":"https:\/\/www.sandp.ch\/#website"},"datePublished":"2024-03-26T13:48:44+00:00","dateModified":"2024-07-17T09:10:11+00:00","breadcrumb":{"@id":"https:\/\/www.sandp.ch\/fr\/market-outlook-for-q2-2024\/#breadcrumb"},"inLanguage":"fr-FR","potentialAction":[{"@type":"ReadAction","target":["https:\/\/www.sandp.ch\/fr\/market-outlook-for-q2-2024\/"]}]},{"@type":"BreadcrumbList","@id":"https:\/\/www.sandp.ch\/fr\/market-outlook-for-q2-2024\/#breadcrumb","itemListElement":[{"@type":"ListItem","position":1,"name":"Home","item":"https:\/\/www.sandp.ch\/fr\/"},{"@type":"ListItem","position":2,"name":"Perspectives du march\u00e9 pour le deuxi\u00e8me trimestre 2024"}]},{"@type":"WebSite","@id":"https:\/\/www.sandp.ch\/#website","url":"https:\/\/www.sandp.ch\/","name":"Schmid &amp; Partners Management Services Ltd.","description":"","publisher":{"@id":"https:\/\/www.sandp.ch\/#organization"},"inLanguage":"fr-FR"},{"@type":"Organization","@id":"https:\/\/www.sandp.ch\/#organization","name":"Schmid & Partner","url":"https:\/\/www.sandp.ch\/","logo":{"@type":"ImageObject","inLanguage":"fr-FR","@id":"https:\/\/www.sandp.ch\/#\/schema\/logo\/image\/","url":"https:\/\/sandp.ch\/wp-content\/uploads\/2022\/06\/cropped-Siteicon-1.png","contentUrl":"https:\/\/sandp.ch\/wp-content\/uploads\/2022\/06\/cropped-Siteicon-1.png","width":512,"height":512,"caption":"Schmid & Partner"},"image":{"@id":"https:\/\/www.sandp.ch\/#\/schema\/logo\/image\/"}},{"@type":"Person","@id":"https:\/\/www.sandp.ch\/#\/schema\/person\/f3d990bc4f7bc602523285b21863ec00","name":"MByc3FyPKGyxy94E","image":{"@type":"ImageObject","inLanguage":"fr-FR","@id":"https:\/\/www.sandp.ch\/#\/schema\/person\/image\/","url":"https:\/\/secure.gravatar.com\/avatar\/637a3accdc4c9a5b47e8e0510d930d8d?s=96&d=mm&r=g","contentUrl":"https:\/\/secure.gravatar.com\/avatar\/637a3accdc4c9a5b47e8e0510d930d8d?s=96&d=mm&r=g","caption":"MByc3FyPKGyxy94E"},"url":"https:\/\/www.sandp.ch\/fr\/author\/mbyc3fypkgyxy94e\/"}]}},"_links":{"self":[{"href":"https:\/\/www.sandp.ch\/fr\/wp-json\/wp\/v2\/posts\/35515"}],"collection":[{"href":"https:\/\/www.sandp.ch\/fr\/wp-json\/wp\/v2\/posts"}],"about":[{"href":"https:\/\/www.sandp.ch\/fr\/wp-json\/wp\/v2\/types\/post"}],"author":[{"embeddable":true,"href":"https:\/\/www.sandp.ch\/fr\/wp-json\/wp\/v2\/users\/2"}],"replies":[{"embeddable":true,"href":"https:\/\/www.sandp.ch\/fr\/wp-json\/wp\/v2\/comments?post=35515"}],"version-history":[{"count":16,"href":"https:\/\/www.sandp.ch\/fr\/wp-json\/wp\/v2\/posts\/35515\/revisions"}],"predecessor-version":[{"id":37230,"href":"https:\/\/www.sandp.ch\/fr\/wp-json\/wp\/v2\/posts\/35515\/revisions\/37230"}],"wp:attachment":[{"href":"https:\/\/www.sandp.ch\/fr\/wp-json\/wp\/v2\/media?parent=35515"}],"wp:term":[{"taxonomy":"category","embeddable":true,"href":"https:\/\/www.sandp.ch\/fr\/wp-json\/wp\/v2\/categories?post=35515"},{"taxonomy":"post_tag","embeddable":true,"href":"https:\/\/www.sandp.ch\/fr\/wp-json\/wp\/v2\/tags?post=35515"}],"curies":[{"name":"wp","href":"https:\/\/api.w.org\/{rel}","templated":true}]}}