{"id":35364,"date":"2023-04-20T16:55:48","date_gmt":"2023-04-20T14:55:48","guid":{"rendered":"https:\/\/sandp.ch\/perspectives-du-marche-pour-le-deuxieme-trimestre-2023\/"},"modified":"2024-07-17T11:10:53","modified_gmt":"2024-07-17T09:10:53","slug":"market-outlook-for-q2-2023","status":"publish","type":"post","link":"https:\/\/www.sandp.ch\/fr\/market-outlook-for-q2-2023\/","title":{"rendered":"Perspectives du march\u00e9 pour le deuxi\u00e8me trimestre 2023"},"content":{"rendered":"\t\t<div data-elementor-type=\"wp-post\" data-elementor-id=\"35364\" class=\"elementor elementor-35364 elementor-33565\" data-elementor-post-type=\"post\">\n\t\t\t\t\t\t<section data-dce-background-image-url=\"https:\/\/www.sandp.ch\/wp-content\/uploads\/2023\/04\/shutterstock_1680488854-scaled.jpg\" class=\"elementor-section elementor-top-section elementor-element elementor-element-fbd61bf elementor-section-height-min-height elementor-section-items-stretch elementor-section-boxed elementor-section-height-default\" data-id=\"fbd61bf\" data-element_type=\"section\" data-settings=\"{&quot;background_background&quot;:&quot;classic&quot;,&quot;_ha_eqh_enable&quot;:false}\">\n\t\t\t\t\t\t\t<div class=\"elementor-background-overlay\"><\/div>\n\t\t\t\t\t\t\t<div class=\"elementor-container elementor-column-gap-default\">\n\t\t\t\t\t<div class=\"elementor-column elementor-col-100 elementor-top-column elementor-element elementor-element-9f69e87\" data-id=\"9f69e87\" data-element_type=\"column\">\n\t\t\t<div class=\"elementor-widget-wrap elementor-element-populated\">\n\t\t\t\t\t\t<div class=\"elementor-element elementor-element-a511578 elementor-widget elementor-widget-heading\" data-id=\"a511578\" data-element_type=\"widget\" data-widget_type=\"heading.default\">\n\t\t\t\t<div class=\"elementor-widget-container\">\n\t\t\t<h2 class=\"elementor-heading-title elementor-size-default\">Perspectives <span style=\"font-weight: 600;\">du march\u00e9<\/span><\/h2>\t\t<\/div>\n\t\t\t\t<\/div>\n\t\t\t\t\t<\/div>\n\t\t<\/div>\n\t\t\t\t\t<\/div>\n\t\t<\/section>\n\t\t\t\t<section class=\"elementor-section elementor-top-section elementor-element elementor-element-ca81842 elementor-section-boxed elementor-section-height-default elementor-section-height-default\" data-id=\"ca81842\" data-element_type=\"section\" data-settings=\"{&quot;_ha_eqh_enable&quot;:false}\">\n\t\t\t\t\t\t<div class=\"elementor-container elementor-column-gap-default\">\n\t\t\t\t\t<div class=\"elementor-column elementor-col-100 elementor-top-column elementor-element elementor-element-bf0e881\" data-id=\"bf0e881\" data-element_type=\"column\">\n\t\t\t<div class=\"elementor-widget-wrap elementor-element-populated\">\n\t\t\t\t\t\t<div class=\"elementor-element elementor-element-2c11f8b elementor-widget elementor-widget-heading\" data-id=\"2c11f8b\" data-element_type=\"widget\" data-widget_type=\"heading.default\">\n\t\t\t\t<div class=\"elementor-widget-container\">\n\t\t\t<h2 class=\"elementor-heading-title elementor-size-default\"> <span style=\"font-weight: 600;\">Perspectives du march\u00e9<span style=\"font-weight: 600;\"> <\/span><\/span>  pour le T2 2023<\/h2>\t\t<\/div>\n\t\t\t\t<\/div>\n\t\t\t\t<div class=\"elementor-element elementor-element-cfe70cb elementor-widget elementor-widget-text-editor\" data-id=\"cfe70cb\" data-element_type=\"widget\" data-widget_type=\"text-editor.default\">\n\t\t\t\t<div class=\"elementor-widget-container\">\n\t\t\t\t\t\t\t<p>Nous recommandons aux investisseurs de continuer \u00e0 se concentrer \u00e0 long terme sur les actions en tant que moteur de croissance essentiel dans un portefeuille bien \u00e9quilibr\u00e9. Alors que les facteurs macro\u00e9conomiques continuent de stimuler le \u00ab sentiment \u00bb, les facteurs sp\u00e9cifiques \u00e0 l\u2019entreprise deviennent de plus en plus le moteur des rendements. Par cons\u00e9quent, les investisseurs devraient se concentrer sur la r\u00e9silience par le biais d\u2019actions de qualit\u00e9 qui mettent l\u2019accent sur les soci\u00e9t\u00e9s de capitalisation, les producteurs de dividendes et les secteurs de stabilit\u00e9.<\/p>\t\t\t\t\t\t<\/div>\n\t\t\t\t<\/div>\n\t\t\t\t<div class=\"elementor-element elementor-element-7e372f3 elementor-widget elementor-widget-text-editor\" data-id=\"7e372f3\" data-element_type=\"widget\" data-widget_type=\"text-editor.default\">\n\t\t\t\t<div class=\"elementor-widget-container\">\n\t\t\t\t\t\t\t<p>Notre \u00e9quipe de gestion de portefeuilles \u00abActions fondamentales\u00bb mise activement sur ces qualit\u00e9s pour b\u00e2tir des portefeuilles ax\u00e9s sur la croissance et la stabilit\u00e9 \u00e0 long terme. N\u2019oubliez pas que, m\u00eame si les actions sont plus volatiles \u00e0 court terme, elles offrent historiquement de meilleurs rendements \u00e0 long terme que les obligations.<\/p>\t\t\t\t\t\t<\/div>\n\t\t\t\t<\/div>\n\t\t\t\t<div data-dce-advanced-background-image-url=\"https:\/\/www.sandp.ch\/wp-content\/uploads\/2023\/04\/shutterstock_1680488854-scaled.jpg\" class=\"elementor-element elementor-element-f208dc8 elementor-widget elementor-widget-spacer\" data-id=\"f208dc8\" data-element_type=\"widget\" data-widget_type=\"spacer.default\">\n\t\t\t\t<div class=\"elementor-widget-container\">\n\t\t\t\t\t<div class=\"elementor-spacer\">\n\t\t\t<div class=\"elementor-spacer-inner\"><\/div>\n\t\t<\/div>\n\t\t\t\t<\/div>\n\t\t\t\t<\/div>\n\t\t\t\t<div class=\"elementor-element elementor-element-e36e44d elementor-widget elementor-widget-text-editor\" data-id=\"e36e44d\" data-element_type=\"widget\" data-widget_type=\"text-editor.default\">\n\t\t\t\t<div class=\"elementor-widget-container\">\n\t\t\t\t\t\t\t<p>Ce texte est un mat\u00e9riel de marketing publi\u00e9 par Schmid &amp; Partenaires Management Services SA. Il n\u2019est pas destin\u00e9 \u00e0 la distribution, \u00e0 la publication, \u00e0 la fourniture ou \u00e0 l\u2019utilisation par des personnes physiques ou morales qui sont citoyens d\u2019un \u00c9tat, d\u2019un pays ou d\u2019une juridiction o\u00f9 sa distribution, la publication, la fourniture ou l\u2019utilisation est interdite par la loi. Elle ne vise aucune personne ou entit\u00e9 \u00e0 qui il serait ill\u00e9gal d\u2019envoyer de tels documents de marketing.<\/p><p>Ce texte est \u00e0 titre informatif seulement et ne doit pas \u00eatre interpr\u00e9t\u00e9 comme une offre, une sollicitation ou une recommandation pour la souscription, l\u2019achat, la vente ou la garde de toute valeur ou instrument financier, l\u2019engagement dans toute autre transaction, la prestation de tout conseil ou service d\u2019investissement, ou comme document contractuel. Il ne constitue pas un conseil en placement, juridique, fiscal ou comptable, ni une d\u00e9claration selon laquelle un placement ou une strat\u00e9gie convient ou convient \u00e0 la situation d\u2019une personne, ni ne constitue un conseil personnalis\u00e9 en placement pour un investisseur.<\/p><p>Ce texte refl\u00e8te les informations, les opinions et les commentaires de Schmid &amp; Partenaires Management Services SA, qui peuvent \u00eatre modifi\u00e9s sans pr\u00e9avis.<\/p>\t\t\t\t\t\t<\/div>\n\t\t\t\t<\/div>\n\t\t\t\t\t<\/div>\n\t\t<\/div>\n\t\t\t\t\t<\/div>\n\t\t<\/section>\n\t\t\t\t<section data-dce-background-color=\"#112457\" data-dce-background-image-url=\"https:\/\/www.sandp.ch\/wp-content\/uploads\/2022\/06\/6.jpg\" data-dce-background-overlay-image-url=\"https:\/\/www.sandp.ch\/wp-content\/uploads\/2022\/06\/3-1-1.png\" class=\"elementor-section elementor-top-section elementor-element elementor-element-0fa7728 elementor-section-boxed elementor-section-height-default elementor-section-height-default\" data-id=\"0fa7728\" data-element_type=\"section\" data-settings=\"{&quot;background_background&quot;:&quot;classic&quot;,&quot;_ha_eqh_enable&quot;:false}\">\n\t\t\t\t\t\t\t<div class=\"elementor-background-overlay\"><\/div>\n\t\t\t\t\t\t\t<div class=\"elementor-container elementor-column-gap-default\">\n\t\t\t\t\t<div class=\"elementor-column elementor-col-100 elementor-top-column elementor-element elementor-element-ec6daeb\" data-id=\"ec6daeb\" data-element_type=\"column\">\n\t\t\t<div class=\"elementor-widget-wrap elementor-element-populated\">\n\t\t\t\t\t\t<div class=\"elementor-element elementor-element-063803c elementor-widget elementor-widget-heading\" data-id=\"063803c\" data-element_type=\"widget\" data-widget_type=\"heading.default\">\n\t\t\t\t<div class=\"elementor-widget-container\">\n\t\t\t<h2 class=\"elementor-heading-title elementor-size-default\">Contactez-<span style=\"font-weight: 600;\">nous<\/span><\/h2>\t\t<\/div>\n\t\t\t\t<\/div>\n\t\t\t\t<div class=\"elementor-element elementor-element-6b29f70 elementor-widget elementor-widget-text-editor\" data-id=\"6b29f70\" data-element_type=\"widget\" data-widget_type=\"text-editor.default\">\n\t\t\t\t<div class=\"elementor-widget-container\">\n\t\t\t\t\t\t\tPour plus d&#8217;informations, n&#8217;h\u00e9sitez pas \u00e0 nous contacter. \t\t\t\t\t\t<\/div>\n\t\t\t\t<\/div>\n\t\t\t\t<div data-dce-background-color=\"#11245700\" class=\"elementor-element elementor-element-e82d2b0 elementor-widget elementor-widget-button\" data-id=\"e82d2b0\" data-element_type=\"widget\" data-widget_type=\"button.default\">\n\t\t\t\t<div class=\"elementor-widget-container\">\n\t\t\t\t\t<div class=\"elementor-button-wrapper\">\n\t\t\t<a class=\"elementor-button elementor-button-link elementor-size-sm\" href=\"https:\/\/www.sandp.ch\/fr\/contact\/\">\n\t\t\t\t\t\t<span class=\"elementor-button-content-wrapper\">\n\t\t\t\t\t\t\t\t\t<span class=\"elementor-button-text\"><div class=\"word1\">PRENDRE<\/div><b><div class=\"word2\"> CONTACT<\/div><\/span>\n\t\t\t\t\t<\/span>\n\t\t\t\t\t<\/a>\n\t\t<\/div>\n\t\t\t\t<\/div>\n\t\t\t\t<\/div>\n\t\t\t\t\t<\/div>\n\t\t<\/div>\n\t\t\t\t\t<\/div>\n\t\t<\/section>\n\t\t\t\t<\/div>\n\t\t","protected":false},"excerpt":{"rendered":"<p>Perspectives du march\u00e9 Perspectives du march\u00e9 pour le T2 2023 Nous recommandons aux investisseurs de continuer \u00e0 se concentrer \u00e0 long terme sur les actions en tant que moteur de croissance essentiel dans un portefeuille bien \u00e9quilibr\u00e9. Alors que les facteurs macro\u00e9conomiques continuent de stimuler le \u00ab sentiment \u00bb, les facteurs sp\u00e9cifiques \u00e0 l\u2019entreprise deviennent [&hellip;]<\/p>\n","protected":false},"author":2,"featured_media":0,"comment_status":"open","ping_status":"open","sticky":false,"template":"elementor_header_footer","format":"standard","meta":{"footnotes":""},"categories":[1],"tags":[],"class_list":["post-35364","post","type-post","status-publish","format-standard","hentry","category-uncategorized"],"yoast_head":"<!-- This site is optimized with the Yoast SEO plugin v23.1 - https:\/\/yoast.com\/wordpress\/plugins\/seo\/ -->\n<title>Perspectives du march\u00e9 pour le deuxi\u00e8me trimestre 2023 - Schmid &amp; Partners Management Services Ltd.<\/title>\n<meta name=\"robots\" content=\"index, follow, max-snippet:-1, max-image-preview:large, max-video-preview:-1\" \/>\n<link rel=\"canonical\" href=\"https:\/\/www.sandp.ch\/fr\/market-outlook-for-q2-2023\/\" \/>\n<meta property=\"og:locale\" content=\"fr_FR\" \/>\n<meta property=\"og:type\" content=\"article\" \/>\n<meta property=\"og:title\" content=\"Perspectives du march\u00e9 pour le deuxi\u00e8me trimestre 2023 - Schmid &amp; Partners Management Services Ltd.\" \/>\n<meta property=\"og:description\" content=\"Perspectives du march\u00e9 Perspectives du march\u00e9 pour le T2 2023 Nous recommandons aux investisseurs de continuer \u00e0 se concentrer \u00e0 long terme sur les actions en tant que moteur de croissance essentiel dans un portefeuille bien \u00e9quilibr\u00e9. Alors que les facteurs macro\u00e9conomiques continuent de stimuler le \u00ab sentiment \u00bb, les facteurs sp\u00e9cifiques \u00e0 l\u2019entreprise deviennent [&hellip;]\" \/>\n<meta property=\"og:url\" content=\"https:\/\/www.sandp.ch\/fr\/market-outlook-for-q2-2023\/\" \/>\n<meta property=\"og:site_name\" content=\"Schmid &amp; Partners Management Services Ltd.\" \/>\n<meta property=\"article:published_time\" content=\"2023-04-20T14:55:48+00:00\" \/>\n<meta property=\"article:modified_time\" content=\"2024-07-17T09:10:53+00:00\" \/>\n<meta property=\"og:image\" content=\"https:\/\/www.sandp.ch\/wp-content\/uploads\/2022\/07\/Logo-1024x1024-1.jpg\" \/>\n\t<meta property=\"og:image:width\" content=\"1024\" \/>\n\t<meta property=\"og:image:height\" content=\"1024\" \/>\n\t<meta property=\"og:image:type\" content=\"image\/jpeg\" \/>\n<meta name=\"author\" content=\"MByc3FyPKGyxy94E\" \/>\n<meta name=\"twitter:card\" content=\"summary_large_image\" \/>\n<meta name=\"twitter:label1\" content=\"\u00c9crit par\" \/>\n\t<meta name=\"twitter:data1\" content=\"MByc3FyPKGyxy94E\" \/>\n\t<meta name=\"twitter:label2\" content=\"Dur\u00e9e de lecture estim\u00e9e\" \/>\n\t<meta name=\"twitter:data2\" content=\"2 minutes\" \/>\n<script type=\"application\/ld+json\" class=\"yoast-schema-graph\">{\"@context\":\"https:\/\/schema.org\",\"@graph\":[{\"@type\":\"Article\",\"@id\":\"https:\/\/www.sandp.ch\/fr\/market-outlook-for-q2-2023\/#article\",\"isPartOf\":{\"@id\":\"https:\/\/www.sandp.ch\/fr\/market-outlook-for-q2-2023\/\"},\"author\":{\"name\":\"MByc3FyPKGyxy94E\",\"@id\":\"https:\/\/www.sandp.ch\/#\/schema\/person\/f3d990bc4f7bc602523285b21863ec00\"},\"headline\":\"Perspectives du march\u00e9 pour le deuxi\u00e8me trimestre 2023\",\"datePublished\":\"2023-04-20T14:55:48+00:00\",\"dateModified\":\"2024-07-17T09:10:53+00:00\",\"mainEntityOfPage\":{\"@id\":\"https:\/\/www.sandp.ch\/fr\/market-outlook-for-q2-2023\/\"},\"wordCount\":382,\"commentCount\":0,\"publisher\":{\"@id\":\"https:\/\/www.sandp.ch\/#organization\"},\"articleSection\":[\"Uncategorized\"],\"inLanguage\":\"fr-FR\",\"potentialAction\":[{\"@type\":\"CommentAction\",\"name\":\"Comment\",\"target\":[\"https:\/\/www.sandp.ch\/fr\/market-outlook-for-q2-2023\/#respond\"]}]},{\"@type\":\"WebPage\",\"@id\":\"https:\/\/www.sandp.ch\/fr\/market-outlook-for-q2-2023\/\",\"url\":\"https:\/\/www.sandp.ch\/fr\/market-outlook-for-q2-2023\/\",\"name\":\"Perspectives du march\u00e9 pour le deuxi\u00e8me trimestre 2023 - Schmid &amp; Partners Management Services Ltd.\",\"isPartOf\":{\"@id\":\"https:\/\/www.sandp.ch\/#website\"},\"datePublished\":\"2023-04-20T14:55:48+00:00\",\"dateModified\":\"2024-07-17T09:10:53+00:00\",\"breadcrumb\":{\"@id\":\"https:\/\/www.sandp.ch\/fr\/market-outlook-for-q2-2023\/#breadcrumb\"},\"inLanguage\":\"fr-FR\",\"potentialAction\":[{\"@type\":\"ReadAction\",\"target\":[\"https:\/\/www.sandp.ch\/fr\/market-outlook-for-q2-2023\/\"]}]},{\"@type\":\"BreadcrumbList\",\"@id\":\"https:\/\/www.sandp.ch\/fr\/market-outlook-for-q2-2023\/#breadcrumb\",\"itemListElement\":[{\"@type\":\"ListItem\",\"position\":1,\"name\":\"Home\",\"item\":\"https:\/\/www.sandp.ch\/fr\/\"},{\"@type\":\"ListItem\",\"position\":2,\"name\":\"Perspectives du march\u00e9 pour le deuxi\u00e8me trimestre 2023\"}]},{\"@type\":\"WebSite\",\"@id\":\"https:\/\/www.sandp.ch\/#website\",\"url\":\"https:\/\/www.sandp.ch\/\",\"name\":\"Schmid &amp; Partners Management Services Ltd.\",\"description\":\"\",\"publisher\":{\"@id\":\"https:\/\/www.sandp.ch\/#organization\"},\"inLanguage\":\"fr-FR\"},{\"@type\":\"Organization\",\"@id\":\"https:\/\/www.sandp.ch\/#organization\",\"name\":\"Schmid & Partner\",\"url\":\"https:\/\/www.sandp.ch\/\",\"logo\":{\"@type\":\"ImageObject\",\"inLanguage\":\"fr-FR\",\"@id\":\"https:\/\/www.sandp.ch\/#\/schema\/logo\/image\/\",\"url\":\"https:\/\/sandp.ch\/wp-content\/uploads\/2022\/06\/cropped-Siteicon-1.png\",\"contentUrl\":\"https:\/\/sandp.ch\/wp-content\/uploads\/2022\/06\/cropped-Siteicon-1.png\",\"width\":512,\"height\":512,\"caption\":\"Schmid & Partner\"},\"image\":{\"@id\":\"https:\/\/www.sandp.ch\/#\/schema\/logo\/image\/\"}},{\"@type\":\"Person\",\"@id\":\"https:\/\/www.sandp.ch\/#\/schema\/person\/f3d990bc4f7bc602523285b21863ec00\",\"name\":\"MByc3FyPKGyxy94E\",\"image\":{\"@type\":\"ImageObject\",\"inLanguage\":\"fr-FR\",\"@id\":\"https:\/\/www.sandp.ch\/#\/schema\/person\/image\/\",\"url\":\"https:\/\/secure.gravatar.com\/avatar\/637a3accdc4c9a5b47e8e0510d930d8d?s=96&d=mm&r=g\",\"contentUrl\":\"https:\/\/secure.gravatar.com\/avatar\/637a3accdc4c9a5b47e8e0510d930d8d?s=96&d=mm&r=g\",\"caption\":\"MByc3FyPKGyxy94E\"},\"url\":\"https:\/\/www.sandp.ch\/fr\/author\/mbyc3fypkgyxy94e\/\"}]}<\/script>\n<!-- \/ Yoast SEO plugin. -->","yoast_head_json":{"title":"Perspectives du march\u00e9 pour le deuxi\u00e8me trimestre 2023 - Schmid &amp; Partners Management Services Ltd.","robots":{"index":"index","follow":"follow","max-snippet":"max-snippet:-1","max-image-preview":"max-image-preview:large","max-video-preview":"max-video-preview:-1"},"canonical":"https:\/\/www.sandp.ch\/fr\/market-outlook-for-q2-2023\/","og_locale":"fr_FR","og_type":"article","og_title":"Perspectives du march\u00e9 pour le deuxi\u00e8me trimestre 2023 - Schmid &amp; Partners Management Services Ltd.","og_description":"Perspectives du march\u00e9 Perspectives du march\u00e9 pour le T2 2023 Nous recommandons aux investisseurs de continuer \u00e0 se concentrer \u00e0 long terme sur les actions en tant que moteur de croissance essentiel dans un portefeuille bien \u00e9quilibr\u00e9. Alors que les facteurs macro\u00e9conomiques continuent de stimuler le \u00ab sentiment \u00bb, les facteurs sp\u00e9cifiques \u00e0 l\u2019entreprise deviennent [&hellip;]","og_url":"https:\/\/www.sandp.ch\/fr\/market-outlook-for-q2-2023\/","og_site_name":"Schmid &amp; Partners Management Services Ltd.","article_published_time":"2023-04-20T14:55:48+00:00","article_modified_time":"2024-07-17T09:10:53+00:00","og_image":[{"width":1024,"height":1024,"url":"https:\/\/www.sandp.ch\/wp-content\/uploads\/2022\/07\/Logo-1024x1024-1.jpg","type":"image\/jpeg"}],"author":"MByc3FyPKGyxy94E","twitter_card":"summary_large_image","twitter_misc":{"\u00c9crit par":"MByc3FyPKGyxy94E","Dur\u00e9e de lecture estim\u00e9e":"2 minutes"},"schema":{"@context":"https:\/\/schema.org","@graph":[{"@type":"Article","@id":"https:\/\/www.sandp.ch\/fr\/market-outlook-for-q2-2023\/#article","isPartOf":{"@id":"https:\/\/www.sandp.ch\/fr\/market-outlook-for-q2-2023\/"},"author":{"name":"MByc3FyPKGyxy94E","@id":"https:\/\/www.sandp.ch\/#\/schema\/person\/f3d990bc4f7bc602523285b21863ec00"},"headline":"Perspectives du march\u00e9 pour le deuxi\u00e8me trimestre 2023","datePublished":"2023-04-20T14:55:48+00:00","dateModified":"2024-07-17T09:10:53+00:00","mainEntityOfPage":{"@id":"https:\/\/www.sandp.ch\/fr\/market-outlook-for-q2-2023\/"},"wordCount":382,"commentCount":0,"publisher":{"@id":"https:\/\/www.sandp.ch\/#organization"},"articleSection":["Uncategorized"],"inLanguage":"fr-FR","potentialAction":[{"@type":"CommentAction","name":"Comment","target":["https:\/\/www.sandp.ch\/fr\/market-outlook-for-q2-2023\/#respond"]}]},{"@type":"WebPage","@id":"https:\/\/www.sandp.ch\/fr\/market-outlook-for-q2-2023\/","url":"https:\/\/www.sandp.ch\/fr\/market-outlook-for-q2-2023\/","name":"Perspectives du march\u00e9 pour le deuxi\u00e8me trimestre 2023 - Schmid &amp; Partners Management Services Ltd.","isPartOf":{"@id":"https:\/\/www.sandp.ch\/#website"},"datePublished":"2023-04-20T14:55:48+00:00","dateModified":"2024-07-17T09:10:53+00:00","breadcrumb":{"@id":"https:\/\/www.sandp.ch\/fr\/market-outlook-for-q2-2023\/#breadcrumb"},"inLanguage":"fr-FR","potentialAction":[{"@type":"ReadAction","target":["https:\/\/www.sandp.ch\/fr\/market-outlook-for-q2-2023\/"]}]},{"@type":"BreadcrumbList","@id":"https:\/\/www.sandp.ch\/fr\/market-outlook-for-q2-2023\/#breadcrumb","itemListElement":[{"@type":"ListItem","position":1,"name":"Home","item":"https:\/\/www.sandp.ch\/fr\/"},{"@type":"ListItem","position":2,"name":"Perspectives du march\u00e9 pour le deuxi\u00e8me trimestre 2023"}]},{"@type":"WebSite","@id":"https:\/\/www.sandp.ch\/#website","url":"https:\/\/www.sandp.ch\/","name":"Schmid &amp; Partners Management Services Ltd.","description":"","publisher":{"@id":"https:\/\/www.sandp.ch\/#organization"},"inLanguage":"fr-FR"},{"@type":"Organization","@id":"https:\/\/www.sandp.ch\/#organization","name":"Schmid & Partner","url":"https:\/\/www.sandp.ch\/","logo":{"@type":"ImageObject","inLanguage":"fr-FR","@id":"https:\/\/www.sandp.ch\/#\/schema\/logo\/image\/","url":"https:\/\/sandp.ch\/wp-content\/uploads\/2022\/06\/cropped-Siteicon-1.png","contentUrl":"https:\/\/sandp.ch\/wp-content\/uploads\/2022\/06\/cropped-Siteicon-1.png","width":512,"height":512,"caption":"Schmid & Partner"},"image":{"@id":"https:\/\/www.sandp.ch\/#\/schema\/logo\/image\/"}},{"@type":"Person","@id":"https:\/\/www.sandp.ch\/#\/schema\/person\/f3d990bc4f7bc602523285b21863ec00","name":"MByc3FyPKGyxy94E","image":{"@type":"ImageObject","inLanguage":"fr-FR","@id":"https:\/\/www.sandp.ch\/#\/schema\/person\/image\/","url":"https:\/\/secure.gravatar.com\/avatar\/637a3accdc4c9a5b47e8e0510d930d8d?s=96&d=mm&r=g","contentUrl":"https:\/\/secure.gravatar.com\/avatar\/637a3accdc4c9a5b47e8e0510d930d8d?s=96&d=mm&r=g","caption":"MByc3FyPKGyxy94E"},"url":"https:\/\/www.sandp.ch\/fr\/author\/mbyc3fypkgyxy94e\/"}]}},"_links":{"self":[{"href":"https:\/\/www.sandp.ch\/fr\/wp-json\/wp\/v2\/posts\/35364"}],"collection":[{"href":"https:\/\/www.sandp.ch\/fr\/wp-json\/wp\/v2\/posts"}],"about":[{"href":"https:\/\/www.sandp.ch\/fr\/wp-json\/wp\/v2\/types\/post"}],"author":[{"embeddable":true,"href":"https:\/\/www.sandp.ch\/fr\/wp-json\/wp\/v2\/users\/2"}],"replies":[{"embeddable":true,"href":"https:\/\/www.sandp.ch\/fr\/wp-json\/wp\/v2\/comments?post=35364"}],"version-history":[{"count":13,"href":"https:\/\/www.sandp.ch\/fr\/wp-json\/wp\/v2\/posts\/35364\/revisions"}],"predecessor-version":[{"id":37245,"href":"https:\/\/www.sandp.ch\/fr\/wp-json\/wp\/v2\/posts\/35364\/revisions\/37245"}],"wp:attachment":[{"href":"https:\/\/www.sandp.ch\/fr\/wp-json\/wp\/v2\/media?parent=35364"}],"wp:term":[{"taxonomy":"category","embeddable":true,"href":"https:\/\/www.sandp.ch\/fr\/wp-json\/wp\/v2\/categories?post=35364"},{"taxonomy":"post_tag","embeddable":true,"href":"https:\/\/www.sandp.ch\/fr\/wp-json\/wp\/v2\/tags?post=35364"}],"curies":[{"name":"wp","href":"https:\/\/api.w.org\/{rel}","templated":true}]}}